{"id":59,"date":"2009-07-27T12:02:17","date_gmt":"2009-07-27T10:02:17","guid":{"rendered":"https:\/\/amicidibene.it\/wp\/2009\/07\/27\/la-sindone-a-bene\/"},"modified":"2009-07-27T12:02:17","modified_gmt":"2009-07-27T10:02:17","slug":"la-sindone-a-bene","status":"publish","type":"post","link":"https:\/\/amicidibene.it\/wp\/la-sindone-a-bene\/","title":{"rendered":"La Sindone a Bene"},"content":{"rendered":"<p>\u00a0<\/p>\n<p><strong>Ricordi sindonici in terra benese<\/strong>\u00a0<\/p>\n<p>La tradizione orale racconta che la Sindone \u00e8 passata in Bene, anche perch\u00e9 la citt\u00e0, dopo la pace di Cateau Cambr\u00e9sis del 1559, passa sotto diretto dominio di Casa Savoia. Questa memoria, tramandata di generazione in generazione fino ai giorni nostri, trova d\u2019altro canto riscontro in significativi ricordi sindonici in terra benese.<\/p>\n<p><img loading=\"lazy\" class=\" size-full wp-image-52\" src=\"https:\/\/amicidibene.it\/wp\/wp-content\/uploads\/2009\/07\/cappella_s_sudario.jpg\" border=\"0\" alt=\"Cappella Campestre del S. Sudario\" title=\"Cappella Campestre del S. Sudario\" width=\"350\" height=\"251\" srcset=\"https:\/\/amicidibene.it\/wp\/wp-content\/uploads\/2009\/07\/cappella_s_sudario.jpg 350w, https:\/\/amicidibene.it\/wp\/wp-content\/uploads\/2009\/07\/cappella_s_sudario-300x215.jpg 300w\" sizes=\"(max-width: 350px) 100vw, 350px\" \/><br \/><span class=\"tips\">Cappella Campestre del S. Sudario<\/span><\/p>\n<p>Ad un paio di chilometri dal capoluogo, lungo la strada che conduce a Trinit\u00e0, sorge la cappella del S. Sudario, edificata verso la met\u00e0 del\u2019600 dalla famiglia Hellena (poi Ellena) in luogo di un pilone dedicato alla Sindone e risalente, presumibilmente, alla fine del Cinquecento. La chiesa \u00e8 stata interessata da un intervento di restauro nel 1978 in occasione dell\u2019Ostensione della Sindone e durante i lavori, curati dall\u2019Associazione Culturale Amici di Bene, si \u00e8 riportato alla luce l\u2019antico pilone; infatti, rimuovendo il grande quadro sindonico dell\u2019altare apparve, seppure in parte ricoperto d\u2019intonaco, l\u2019affresco della preesistente struttura. Si \u00e8 cos\u00ec provveduto a rendere visibile il pilone che, grazie alla paziente opera del prof. Pietro Vignoli, si presenta ora in tutta la sua riposta bellezza.<\/p>\n<p><img loading=\"lazy\" class=\" size-full wp-image-53\" src=\"https:\/\/amicidibene.it\/wp\/wp-content\/uploads\/2009\/07\/antico_pilone.jpg\" border=\"0\" alt=\"Antico Pilone (fine sec. XVI)\" title=\"Antico Pilone (fine sec. XVI)\" width=\"350\" height=\"251\" srcset=\"https:\/\/amicidibene.it\/wp\/wp-content\/uploads\/2009\/07\/antico_pilone.jpg 350w, https:\/\/amicidibene.it\/wp\/wp-content\/uploads\/2009\/07\/antico_pilone-300x215.jpg 300w\" sizes=\"(max-width: 350px) 100vw, 350px\" \/><br \/><span class=\"tips\">Antico Pilone (fine sec. XVI)<\/span>\u00a0\u00a0<\/p>\n<p>Il grande affresco a tema sindonico in cui un angelo, S. Donato (patrono della Diocesi di Mondov\u00ec) e S. Agostino tengono distesa la S. Sindone \u00e8 certamente uno dei pi\u00f9 antichi e rilevanti del Piemonte.<\/p>\n<p><img loading=\"lazy\" class=\" size-full wp-image-54\" src=\"https:\/\/amicidibene.it\/wp\/wp-content\/uploads\/2009\/07\/quadro_sindonico.jpg\" border=\"0\" alt=\"Quadro Sindonico (sec. XVII)\" title=\"Quadro Sindonico (sec. XVII)\" width=\"350\" height=\"251\" srcset=\"https:\/\/amicidibene.it\/wp\/wp-content\/uploads\/2009\/07\/quadro_sindonico.jpg 350w, https:\/\/amicidibene.it\/wp\/wp-content\/uploads\/2009\/07\/quadro_sindonico-300x215.jpg 300w\" sizes=\"(max-width: 350px) 100vw, 350px\" \/><br \/><span class=\"tips\">Quadro Sindonico (sec. XVII)<\/span><\/p>\n<p>Il pregevole quadro d\u2019altare, della seconda met\u00e0 del\u2019600, riproduce la medesima iconografia del pilone ed \u00e8 ora collocato, dopo il restauro finanziato dalla BCC di Bene Vagienna, nella ns. sede in Bene.<\/p>\n<p>Nel centro storico sono inoltre custodite altre testimonianze legate al culto della Sindone.<\/p>\n<p><img loading=\"lazy\" class=\" size-full wp-image-55\" src=\"https:\/\/amicidibene.it\/wp\/wp-content\/uploads\/2009\/07\/sindone_1.jpg\" border=\"0\" alt=\"San Francesco Ancona del Coro\" title=\"San Francesco Ancona del Coro\" width=\"350\" height=\"251\" \/><br \/><span class=\"tips\">San Francesco Ancona del Coro<\/span>\u00a0<\/p>\n<p>Nella chiesa di S. Francesco (che sorge sull\u2019omonima piazzetta) si pu\u00f2 ammirare nella ricca tribuna d\u2019organo, in uno dei riquadri nella parte sinistra, una raffinatissima tela cinque-secentesca, raffigurante al centro la Vergine ai lati S. Antonio ed una santa in abiti rinascimentali che tengono disteso il Sacro Lino. Questa pregevole tribuna d\u2019organo molto probabilmente faceva parte dell\u2019antico altare della Beata Paola Gambara Costa, nella cappella gentilizia dei conti Costa (sempre in S. Francesco) prima della sua trasformazione operata nel 1725 su progetto di Filippo Juvarra.<\/p>\n<p><img loading=\"lazy\" class=\" size-full wp-image-56\" src=\"https:\/\/amicidibene.it\/wp\/wp-content\/uploads\/2009\/07\/sindone_3.jpg\" border=\"0\" alt=\"Affresco Casa De' Giovannini\" title=\"Affresco Casa De' Giovannini\" width=\"350\" height=\"251\" srcset=\"https:\/\/amicidibene.it\/wp\/wp-content\/uploads\/2009\/07\/sindone_3.jpg 350w, https:\/\/amicidibene.it\/wp\/wp-content\/uploads\/2009\/07\/sindone_3-300x215.jpg 300w\" sizes=\"(max-width: 350px) 100vw, 350px\" \/><br \/><span class=\"tips\">Affresco Casa De&#8217; Giovannini<\/span>\u00a0<\/p>\n<p>Casa de Giovannini, a lato di S. Francesco, in Via Roma, presenta un monumentale affresco secentesco in cui la vergine ai lati S. Antonio e un angelo alato, sorreggono il Sudario, tutto contornato di una pregevole cornice in stucco. Il restauro, condotto dal prof. Vignoli, \u00e8 stato curato dagli Amici di Bene nel 1978 per l\u2019interessamento del prefetto di Cuneo Giacomo Veglia.<\/p>\n<p><img loading=\"lazy\" class=\" size-full wp-image-57\" src=\"https:\/\/amicidibene.it\/wp\/wp-content\/uploads\/2009\/07\/sindone_4.jpg\" border=\"0\" alt=\"Affresco Parrocchiale dell'Assunta\" title=\"Affresco Parrocchiale dell'Assunta\" width=\"350\" height=\"251\" \/><br \/><span class=\"tips\">Affresco Parrocchiale dell&#8217;Assunta<br \/><\/span><br \/>Sulla facciata della Parrocchiale dell\u2019Assunta, nella centralissima Piazza Botero, \u00e8 possibile ammirare, appena sopra il portale d\u2019ingresso, un raffinato affresco a tema sindonico raffigurante al centro S. Donato e ai lati Amedeo IX duca di Savoia e la Beata Paola Gambara Costa che tengono disteso il Sacro Lino. L\u2019opera, che secondo il Bollano risale al 1649, \u00e8 stata restaurata dal laboratorio Rava in occasione dell\u2019ostensione della Sindone nel 1998, grazie al contributo dell\u2019Assessorato alla Cultura della regione Piemonte.<\/p>\n<p>Queste sono solo alcune delle opere d\u2019arte custodite in Bene Vagienna e collegate al culto del S. Sudario, perch\u00e9 anche la Confraternita dei Disciplinanti Bianchi conserva ex voto sindonici ed altri ricordi legati alla passione di nostro Signore.<\/p>\n<p><img loading=\"lazy\" class=\" size-full wp-image-58\" src=\"https:\/\/amicidibene.it\/wp\/wp-content\/uploads\/2009\/07\/sindone_2.jpg\" border=\"0\" alt=\"Ex Voto Sindonico\" title=\"Ex Voto Sindonico\" width=\"350\" height=\"251\" srcset=\"https:\/\/amicidibene.it\/wp\/wp-content\/uploads\/2009\/07\/sindone_2.jpg 350w, https:\/\/amicidibene.it\/wp\/wp-content\/uploads\/2009\/07\/sindone_2-300x215.jpg 300w\" sizes=\"(max-width: 350px) 100vw, 350px\" \/><br \/><span class=\"tips\">Ex Voto Sindonico<\/span><\/p>\n<p>\u00a0<\/p>\n<p>\u00a0<\/p>\n<hr \/>\n<p>Eventi\/mostre:<\/p>\n<p><a href=\"index.php?option=com_content&amp;view=article&amp;catid=42;eventi&amp;id=104;eventi122009\">aprile &#8211; giugno 2010<\/a><\/p>\n<p>\u00a0<\/p>\n","protected":false},"excerpt":{"rendered":"<p>\u00a0 Ricordi sindonici in terra benese\u00a0 La tradizione orale racconta che la Sindone \u00e8 passata in Bene, anche perch\u00e9 la citt\u00e0, dopo la pace di Cateau Cambr\u00e9sis del 1559, passa sotto diretto dominio di Casa Savoia. Questa memoria, tramandata di generazione in generazione fino ai giorni nostri, trova d\u2019altro canto riscontro in significativi ricordi sindonici [&hellip;]<\/p>\n","protected":false},"author":1,"featured_media":52,"comment_status":"open","ping_status":"open","sticky":false,"template":"","format":"standard","meta":[],"categories":[11],"tags":[19],"_links":{"self":[{"href":"https:\/\/amicidibene.it\/wp\/wp-json\/wp\/v2\/posts\/59"}],"collection":[{"href":"https:\/\/amicidibene.it\/wp\/wp-json\/wp\/v2\/posts"}],"about":[{"href":"https:\/\/amicidibene.it\/wp\/wp-json\/wp\/v2\/types\/post"}],"author":[{"embeddable":true,"href":"https:\/\/amicidibene.it\/wp\/wp-json\/wp\/v2\/users\/1"}],"replies":[{"embeddable":true,"href":"https:\/\/amicidibene.it\/wp\/wp-json\/wp\/v2\/comments?post=59"}],"version-history":[{"count":0,"href":"https:\/\/amicidibene.it\/wp\/wp-json\/wp\/v2\/posts\/59\/revisions"}],"wp:featuredmedia":[{"embeddable":true,"href":"https:\/\/amicidibene.it\/wp\/wp-json\/wp\/v2\/media\/52"}],"wp:attachment":[{"href":"https:\/\/amicidibene.it\/wp\/wp-json\/wp\/v2\/media?parent=59"}],"wp:term":[{"taxonomy":"category","embeddable":true,"href":"https:\/\/amicidibene.it\/wp\/wp-json\/wp\/v2\/categories?post=59"},{"taxonomy":"post_tag","embeddable":true,"href":"https:\/\/amicidibene.it\/wp\/wp-json\/wp\/v2\/tags?post=59"}],"curies":[{"name":"wp","href":"https:\/\/api.w.org\/{rel}","templated":true}]}}